{"id":3010,"date":"2025-03-31T09:05:11","date_gmt":"2025-03-31T09:05:11","guid":{"rendered":"https:\/\/www.husyca.com\/fuso-com-tratamento-balinit-croma-plus\/"},"modified":"2025-03-31T09:25:50","modified_gmt":"2025-03-31T09:25:50","slug":"fuso-com-tratamento-balinit-croma-plus","status":"publish","type":"post","link":"https:\/\/www.husyca.com\/pt-pt\/fuso-com-tratamento-balinit-croma-plus\/","title":{"rendered":"Fuso com tratamento Balinit Croma Plus"},"content":{"rendered":"\n<p>O tratamento Balinit Croma Plus \u00e9 um revestimento concebido para melhorar a resist\u00eancia ao desgaste, a prote\u00e7\u00e3o contra a corros\u00e3o e a redu\u00e7\u00e3o da fric\u00e7\u00e3o, especialmente na moldagem por inje\u00e7\u00e3o de pl\u00e1stico.<br\/>Gra\u00e7as \u00e0 sua elevada durabilidade, optimiza o desempenho dos elementos, prolongando a sua vida \u00fatil e reduzindo os custos de manuten\u00e7\u00e3o, o que o torna uma solu\u00e7\u00e3o eficaz para o sector.<\/p>\n\n<figure class=\"wp-block-video\"><video height=\"1920\" style=\"aspect-ratio: 1080 \/ 1920;\" width=\"1080\" controls=\"\" src=\"https:\/\/www.husyca.com\/wp-content\/uploads\/2025\/03\/BALINIT-REDES-270325.mp4\"><\/video><\/figure>\n","protected":false},"excerpt":{"rendered":"<p>O tratamento Balinit Croma Plus \u00e9 um revestimento concebido para melhorar a resist\u00eancia ao desgaste, a prote\u00e7\u00e3o contra a corros\u00e3o e a redu\u00e7\u00e3o da fric\u00e7\u00e3o, especialmente na moldagem por inje\u00e7\u00e3o de pl\u00e1stico.Gra\u00e7as \u00e0 sua elevada durabilidade, optimiza o desempenho dos elementos, prolongando a sua vida \u00fatil e reduzindo os custos de manuten\u00e7\u00e3o, o que o [&hellip;]<\/p>\n","protected":false},"author":1,"featured_media":2998,"comment_status":"open","ping_status":"open","sticky":false,"template":"","format":"standard","meta":{"_joinchat":[],"footnotes":""},"categories":[1],"tags":[185,184,186],"class_list":["post-3010","post","type-post","status-publish","format-standard","has-post-thumbnail","hentry","category-sin-categorizar","tag-fusos","tag-injecao","tag-tratamento-balinit-chroma-plus"],"yoast_head":"<!-- This site is optimized with the Yoast SEO plugin v24.3 - https:\/\/yoast.com\/wordpress\/plugins\/seo\/ -->\n<title>Fuso com tratamento Balinit Croma Plus - Husyca S.A. Husillos y camaras en Barcelona<\/title>\n<meta name=\"description\" content=\"Fuso com tratamento Balinit Croma Plus\" \/>\n<meta name=\"robots\" content=\"index, follow, max-snippet:-1, max-image-preview:large, max-video-preview:-1\" \/>\n<link rel=\"canonical\" href=\"https:\/\/www.husyca.com\/pt-pt\/fuso-com-tratamento-balinit-croma-plus\/\" \/>\n<meta property=\"og:locale\" content=\"pt_PT\" \/>\n<meta property=\"og:type\" content=\"article\" \/>\n<meta property=\"og:title\" content=\"Fuso com tratamento Balinit Croma Plus - Husyca S.A. Husillos y camaras en Barcelona\" \/>\n<meta property=\"og:description\" content=\"Fuso com tratamento Balinit Croma Plus\" \/>\n<meta property=\"og:url\" content=\"https:\/\/www.husyca.com\/pt-pt\/fuso-com-tratamento-balinit-croma-plus\/\" \/>\n<meta property=\"og:site_name\" content=\"Husyca S.A. Husillos y camaras en Barcelona\" \/>\n<meta property=\"article:publisher\" content=\"https:\/\/www.facebook.com\/profile.php?id=100088596826097\" \/>\n<meta property=\"article:published_time\" content=\"2025-03-31T09:05:11+00:00\" \/>\n<meta property=\"article:modified_time\" content=\"2025-03-31T09:25:50+00:00\" \/>\n<meta property=\"og:image\" content=\"https:\/\/www.husyca.com\/wp-content\/uploads\/2025\/03\/FOTO-BALINIT-WEB-270325.jpg\" \/>\n\t<meta property=\"og:image:width\" content=\"1080\" \/>\n\t<meta property=\"og:image:height\" content=\"1023\" \/>\n\t<meta property=\"og:image:type\" content=\"image\/jpeg\" \/>\n<meta name=\"author\" content=\"admin\" \/>\n<meta name=\"twitter:card\" content=\"summary_large_image\" \/>\n<meta name=\"twitter:label1\" content=\"Escrito por\" \/>\n\t<meta name=\"twitter:data1\" content=\"admin\" \/>\n<script type=\"application\/ld+json\" class=\"yoast-schema-graph\">{\"@context\":\"https:\/\/schema.org\",\"@graph\":[{\"@type\":\"WebPage\",\"@id\":\"https:\/\/www.husyca.com\/pt-pt\/fuso-com-tratamento-balinit-croma-plus\/\",\"url\":\"https:\/\/www.husyca.com\/pt-pt\/fuso-com-tratamento-balinit-croma-plus\/\",\"name\":\"Fuso com tratamento Balinit Croma Plus - Husyca S.A. Husillos y camaras en Barcelona\",\"isPartOf\":{\"@id\":\"https:\/\/www.husyca.com\/#website\"},\"primaryImageOfPage\":{\"@id\":\"https:\/\/www.husyca.com\/pt-pt\/fuso-com-tratamento-balinit-croma-plus\/#primaryimage\"},\"image\":{\"@id\":\"https:\/\/www.husyca.com\/pt-pt\/fuso-com-tratamento-balinit-croma-plus\/#primaryimage\"},\"thumbnailUrl\":\"https:\/\/www.husyca.com\/wp-content\/uploads\/2025\/03\/FOTO-BALINIT-WEB-270325.jpg\",\"datePublished\":\"2025-03-31T09:05:11+00:00\",\"dateModified\":\"2025-03-31T09:25:50+00:00\",\"author\":{\"@id\":\"https:\/\/www.husyca.com\/#\/schema\/person\/4d8adf96914d328857b8a020b46261ae\"},\"description\":\"Fuso com tratamento Balinit Croma Plus\",\"breadcrumb\":{\"@id\":\"https:\/\/www.husyca.com\/pt-pt\/fuso-com-tratamento-balinit-croma-plus\/#breadcrumb\"},\"inLanguage\":\"pt-PT\",\"potentialAction\":[{\"@type\":\"ReadAction\",\"target\":[\"https:\/\/www.husyca.com\/pt-pt\/fuso-com-tratamento-balinit-croma-plus\/\"]}]},{\"@type\":\"ImageObject\",\"inLanguage\":\"pt-PT\",\"@id\":\"https:\/\/www.husyca.com\/pt-pt\/fuso-com-tratamento-balinit-croma-plus\/#primaryimage\",\"url\":\"https:\/\/www.husyca.com\/wp-content\/uploads\/2025\/03\/FOTO-BALINIT-WEB-270325.jpg\",\"contentUrl\":\"https:\/\/www.husyca.com\/wp-content\/uploads\/2025\/03\/FOTO-BALINIT-WEB-270325.jpg\",\"width\":1080,\"height\":1023},{\"@type\":\"BreadcrumbList\",\"@id\":\"https:\/\/www.husyca.com\/pt-pt\/fuso-com-tratamento-balinit-croma-plus\/#breadcrumb\",\"itemListElement\":[{\"@type\":\"ListItem\",\"position\":1,\"name\":\"Portada\",\"item\":\"https:\/\/www.husyca.com\/pt-pt\/home\/\"},{\"@type\":\"ListItem\",\"position\":2,\"name\":\"Fuso com tratamento Balinit Croma Plus\"}]},{\"@type\":\"WebSite\",\"@id\":\"https:\/\/www.husyca.com\/#website\",\"url\":\"https:\/\/www.husyca.com\/\",\"name\":\"Husyca S.A. Husillos y camaras en Barcelona\",\"description\":\"Mecanizado, reparaci\u00f3n y fabricaci\u00f3n de husillos y cilindros de plastificaci\u00f3n, nitrurados, bimetalicos, inyecci\u00f3n, cluatas, portaboquillas, aceros y tratamientos, Aceros de Nitruraci\u00f3n, de temple o inoxidables, C\u00e1maras de Extrusi\u00f3n, monohusillos, Tratamientos superficiales diversos: Cromo duro, SSA, TIN, Niquel qu\u00edmico, C\u00e1maras de extrusi\u00f3n doble husillo paralelas\",\"potentialAction\":[{\"@type\":\"SearchAction\",\"target\":{\"@type\":\"EntryPoint\",\"urlTemplate\":\"https:\/\/www.husyca.com\/?s={search_term_string}\"},\"query-input\":{\"@type\":\"PropertyValueSpecification\",\"valueRequired\":true,\"valueName\":\"search_term_string\"}}],\"inLanguage\":\"pt-PT\"},{\"@type\":\"Person\",\"@id\":\"https:\/\/www.husyca.com\/#\/schema\/person\/4d8adf96914d328857b8a020b46261ae\",\"name\":\"admin\",\"image\":{\"@type\":\"ImageObject\",\"inLanguage\":\"pt-PT\",\"@id\":\"https:\/\/www.husyca.com\/#\/schema\/person\/image\/\",\"url\":\"https:\/\/secure.gravatar.com\/avatar\/0771ca767504fe63263b758c11b77b5a502373326bf723cf2bd53dd0678f70eb?s=96&d=mm&r=g\",\"contentUrl\":\"https:\/\/secure.gravatar.com\/avatar\/0771ca767504fe63263b758c11b77b5a502373326bf723cf2bd53dd0678f70eb?s=96&d=mm&r=g\",\"caption\":\"admin\"},\"sameAs\":[\"https:\/\/www.husyca.com\"],\"url\":\"https:\/\/www.husyca.com\/pt-pt\/author\/admin_3ufdzof5\/\"}]}<\/script>\n<!-- \/ Yoast SEO plugin. -->","yoast_head_json":{"title":"Fuso com tratamento Balinit Croma Plus - Husyca S.A. Husillos y camaras en Barcelona","description":"Fuso com tratamento Balinit Croma Plus","robots":{"index":"index","follow":"follow","max-snippet":"max-snippet:-1","max-image-preview":"max-image-preview:large","max-video-preview":"max-video-preview:-1"},"canonical":"https:\/\/www.husyca.com\/pt-pt\/fuso-com-tratamento-balinit-croma-plus\/","og_locale":"pt_PT","og_type":"article","og_title":"Fuso com tratamento Balinit Croma Plus - Husyca S.A. Husillos y camaras en Barcelona","og_description":"Fuso com tratamento Balinit Croma Plus","og_url":"https:\/\/www.husyca.com\/pt-pt\/fuso-com-tratamento-balinit-croma-plus\/","og_site_name":"Husyca S.A. Husillos y camaras en Barcelona","article_publisher":"https:\/\/www.facebook.com\/profile.php?id=100088596826097","article_published_time":"2025-03-31T09:05:11+00:00","article_modified_time":"2025-03-31T09:25:50+00:00","og_image":[{"width":1080,"height":1023,"url":"https:\/\/www.husyca.com\/wp-content\/uploads\/2025\/03\/FOTO-BALINIT-WEB-270325.jpg","type":"image\/jpeg"}],"author":"admin","twitter_card":"summary_large_image","twitter_misc":{"Escrito por":"admin"},"schema":{"@context":"https:\/\/schema.org","@graph":[{"@type":"WebPage","@id":"https:\/\/www.husyca.com\/pt-pt\/fuso-com-tratamento-balinit-croma-plus\/","url":"https:\/\/www.husyca.com\/pt-pt\/fuso-com-tratamento-balinit-croma-plus\/","name":"Fuso com tratamento Balinit Croma Plus - Husyca S.A. Husillos y camaras en Barcelona","isPartOf":{"@id":"https:\/\/www.husyca.com\/#website"},"primaryImageOfPage":{"@id":"https:\/\/www.husyca.com\/pt-pt\/fuso-com-tratamento-balinit-croma-plus\/#primaryimage"},"image":{"@id":"https:\/\/www.husyca.com\/pt-pt\/fuso-com-tratamento-balinit-croma-plus\/#primaryimage"},"thumbnailUrl":"https:\/\/www.husyca.com\/wp-content\/uploads\/2025\/03\/FOTO-BALINIT-WEB-270325.jpg","datePublished":"2025-03-31T09:05:11+00:00","dateModified":"2025-03-31T09:25:50+00:00","author":{"@id":"https:\/\/www.husyca.com\/#\/schema\/person\/4d8adf96914d328857b8a020b46261ae"},"description":"Fuso com tratamento Balinit Croma Plus","breadcrumb":{"@id":"https:\/\/www.husyca.com\/pt-pt\/fuso-com-tratamento-balinit-croma-plus\/#breadcrumb"},"inLanguage":"pt-PT","potentialAction":[{"@type":"ReadAction","target":["https:\/\/www.husyca.com\/pt-pt\/fuso-com-tratamento-balinit-croma-plus\/"]}]},{"@type":"ImageObject","inLanguage":"pt-PT","@id":"https:\/\/www.husyca.com\/pt-pt\/fuso-com-tratamento-balinit-croma-plus\/#primaryimage","url":"https:\/\/www.husyca.com\/wp-content\/uploads\/2025\/03\/FOTO-BALINIT-WEB-270325.jpg","contentUrl":"https:\/\/www.husyca.com\/wp-content\/uploads\/2025\/03\/FOTO-BALINIT-WEB-270325.jpg","width":1080,"height":1023},{"@type":"BreadcrumbList","@id":"https:\/\/www.husyca.com\/pt-pt\/fuso-com-tratamento-balinit-croma-plus\/#breadcrumb","itemListElement":[{"@type":"ListItem","position":1,"name":"Portada","item":"https:\/\/www.husyca.com\/pt-pt\/home\/"},{"@type":"ListItem","position":2,"name":"Fuso com tratamento Balinit Croma Plus"}]},{"@type":"WebSite","@id":"https:\/\/www.husyca.com\/#website","url":"https:\/\/www.husyca.com\/","name":"Husyca S.A. Husillos y camaras en Barcelona","description":"Mecanizado, reparaci\u00f3n y fabricaci\u00f3n de husillos y cilindros de plastificaci\u00f3n, nitrurados, bimetalicos, inyecci\u00f3n, cluatas, portaboquillas, aceros y tratamientos, Aceros de Nitruraci\u00f3n, de temple o inoxidables, C\u00e1maras de Extrusi\u00f3n, monohusillos, Tratamientos superficiales diversos: Cromo duro, SSA, TIN, Niquel qu\u00edmico, C\u00e1maras de extrusi\u00f3n doble husillo paralelas","potentialAction":[{"@type":"SearchAction","target":{"@type":"EntryPoint","urlTemplate":"https:\/\/www.husyca.com\/?s={search_term_string}"},"query-input":{"@type":"PropertyValueSpecification","valueRequired":true,"valueName":"search_term_string"}}],"inLanguage":"pt-PT"},{"@type":"Person","@id":"https:\/\/www.husyca.com\/#\/schema\/person\/4d8adf96914d328857b8a020b46261ae","name":"admin","image":{"@type":"ImageObject","inLanguage":"pt-PT","@id":"https:\/\/www.husyca.com\/#\/schema\/person\/image\/","url":"https:\/\/secure.gravatar.com\/avatar\/0771ca767504fe63263b758c11b77b5a502373326bf723cf2bd53dd0678f70eb?s=96&d=mm&r=g","contentUrl":"https:\/\/secure.gravatar.com\/avatar\/0771ca767504fe63263b758c11b77b5a502373326bf723cf2bd53dd0678f70eb?s=96&d=mm&r=g","caption":"admin"},"sameAs":["https:\/\/www.husyca.com"],"url":"https:\/\/www.husyca.com\/pt-pt\/author\/admin_3ufdzof5\/"}]}},"_links":{"self":[{"href":"https:\/\/www.husyca.com\/pt-pt\/wp-json\/wp\/v2\/posts\/3010","targetHints":{"allow":["GET"]}}],"collection":[{"href":"https:\/\/www.husyca.com\/pt-pt\/wp-json\/wp\/v2\/posts"}],"about":[{"href":"https:\/\/www.husyca.com\/pt-pt\/wp-json\/wp\/v2\/types\/post"}],"author":[{"embeddable":true,"href":"https:\/\/www.husyca.com\/pt-pt\/wp-json\/wp\/v2\/users\/1"}],"replies":[{"embeddable":true,"href":"https:\/\/www.husyca.com\/pt-pt\/wp-json\/wp\/v2\/comments?post=3010"}],"version-history":[{"count":1,"href":"https:\/\/www.husyca.com\/pt-pt\/wp-json\/wp\/v2\/posts\/3010\/revisions"}],"predecessor-version":[{"id":3011,"href":"https:\/\/www.husyca.com\/pt-pt\/wp-json\/wp\/v2\/posts\/3010\/revisions\/3011"}],"wp:featuredmedia":[{"embeddable":true,"href":"https:\/\/www.husyca.com\/pt-pt\/wp-json\/wp\/v2\/media\/2998"}],"wp:attachment":[{"href":"https:\/\/www.husyca.com\/pt-pt\/wp-json\/wp\/v2\/media?parent=3010"}],"wp:term":[{"taxonomy":"category","embeddable":true,"href":"https:\/\/www.husyca.com\/pt-pt\/wp-json\/wp\/v2\/categories?post=3010"},{"taxonomy":"post_tag","embeddable":true,"href":"https:\/\/www.husyca.com\/pt-pt\/wp-json\/wp\/v2\/tags?post=3010"}],"curies":[{"name":"wp","href":"https:\/\/api.w.org\/{rel}","templated":true}]}}