{"id":3537,"date":"2025-10-07T11:37:02","date_gmt":"2025-10-07T11:37:02","guid":{"rendered":"https:\/\/www.husyca.com\/salon-k-de-dusseldorf\/"},"modified":"2025-10-07T12:01:46","modified_gmt":"2025-10-07T12:01:46","slug":"salon-k-de-dusseldorf","status":"publish","type":"post","link":"https:\/\/www.husyca.com\/fr\/salon-k-de-dusseldorf\/","title":{"rendered":"Salon K de D\u00fcsseldorf"},"content":{"rendered":"\n<p><br\/><br\/>\u00c0 Husyca, nous concevons et fabriquons des vis et des cam\u00e9ras pour machines d&#8217;injection, d&#8217;extrusion, de soufflage et d&#8217;impression 3D, offrant des solutions pour divers secteurs.<\/p>\n\n<p>Du 8 au 11 octobre, notre Directeur Technique, Jordi Mart\u00ednez, sera pr\u00e9sent au salon pour d\u00e9couvrir les derni\u00e8res tendances des diff\u00e9rents secteurs.<br\/><br\/><br\/><br\/><br\/><\/p>\n\n<p><\/p>\n","protected":false},"excerpt":{"rendered":"<p>\u00c0 Husyca, nous concevons et fabriquons des vis et des cam\u00e9ras pour machines d&#8217;injection, d&#8217;extrusion, de soufflage et d&#8217;impression 3D, offrant des solutions pour divers secteurs. Du 8 au 11 octobre, notre Directeur Technique, Jordi Mart\u00ednez, sera pr\u00e9sent au salon pour d\u00e9couvrir les derni\u00e8res tendances des diff\u00e9rents secteurs.<\/p>\n","protected":false},"author":1,"featured_media":3526,"comment_status":"open","ping_status":"open","sticky":false,"template":"","format":"standard","meta":{"_joinchat":[],"footnotes":""},"categories":[7],"tags":[55,46,47,45],"class_list":["post-3537","post","type-post","status-publish","format-standard","has-post-thumbnail","hentry","category-non-classifiee","tag-cameras-fr","tag-extrusion-fr","tag-husillos-fr","tag-injection-fr"],"yoast_head":"<!-- This site is optimized with the Yoast SEO plugin v24.3 - https:\/\/yoast.com\/wordpress\/plugins\/seo\/ -->\n<title>Salon K de D\u00fcsseldorf - Husyca S.A. Husillos y camaras en Barcelona<\/title>\n<meta name=\"description\" content=\"SALON K DE D\u00dcSSELDORF\" \/>\n<meta name=\"robots\" content=\"index, follow, max-snippet:-1, max-image-preview:large, max-video-preview:-1\" \/>\n<link rel=\"canonical\" href=\"https:\/\/www.husyca.com\/fr\/salon-k-de-dusseldorf\/\" \/>\n<meta property=\"og:locale\" content=\"fr_FR\" \/>\n<meta property=\"og:type\" content=\"article\" \/>\n<meta property=\"og:title\" content=\"Salon K de D\u00fcsseldorf - Husyca S.A. Husillos y camaras en Barcelona\" \/>\n<meta property=\"og:description\" content=\"SALON K DE D\u00dcSSELDORF\" \/>\n<meta property=\"og:url\" content=\"https:\/\/www.husyca.com\/fr\/salon-k-de-dusseldorf\/\" \/>\n<meta property=\"og:site_name\" content=\"Husyca S.A. Husillos y camaras en Barcelona\" \/>\n<meta property=\"article:publisher\" content=\"https:\/\/www.facebook.com\/profile.php?id=100088596826097\" \/>\n<meta property=\"article:published_time\" content=\"2025-10-07T11:37:02+00:00\" \/>\n<meta property=\"article:modified_time\" content=\"2025-10-07T12:01:46+00:00\" \/>\n<meta property=\"og:image\" content=\"https:\/\/www.husyca.com\/wp-content\/uploads\/2025\/10\/k2025-logo-FERIA-K.jpg\" \/>\n\t<meta property=\"og:image:width\" content=\"720\" \/>\n\t<meta property=\"og:image:height\" content=\"480\" \/>\n\t<meta property=\"og:image:type\" content=\"image\/jpeg\" \/>\n<meta name=\"author\" content=\"admin\" \/>\n<meta name=\"twitter:card\" content=\"summary_large_image\" \/>\n<meta name=\"twitter:label1\" content=\"\u00c9crit par\" \/>\n\t<meta name=\"twitter:data1\" content=\"admin\" \/>\n<script type=\"application\/ld+json\" class=\"yoast-schema-graph\">{\"@context\":\"https:\/\/schema.org\",\"@graph\":[{\"@type\":\"WebPage\",\"@id\":\"https:\/\/www.husyca.com\/fr\/salon-k-de-dusseldorf\/\",\"url\":\"https:\/\/www.husyca.com\/fr\/salon-k-de-dusseldorf\/\",\"name\":\"Salon K de D\u00fcsseldorf - Husyca S.A. Husillos y camaras en Barcelona\",\"isPartOf\":{\"@id\":\"https:\/\/www.husyca.com\/#website\"},\"primaryImageOfPage\":{\"@id\":\"https:\/\/www.husyca.com\/fr\/salon-k-de-dusseldorf\/#primaryimage\"},\"image\":{\"@id\":\"https:\/\/www.husyca.com\/fr\/salon-k-de-dusseldorf\/#primaryimage\"},\"thumbnailUrl\":\"https:\/\/www.husyca.com\/wp-content\/uploads\/2025\/10\/k2025-logo-FERIA-K.jpg\",\"datePublished\":\"2025-10-07T11:37:02+00:00\",\"dateModified\":\"2025-10-07T12:01:46+00:00\",\"author\":{\"@id\":\"https:\/\/www.husyca.com\/#\/schema\/person\/4d8adf96914d328857b8a020b46261ae\"},\"description\":\"SALON K DE D\u00dcSSELDORF\",\"breadcrumb\":{\"@id\":\"https:\/\/www.husyca.com\/fr\/salon-k-de-dusseldorf\/#breadcrumb\"},\"inLanguage\":\"fr-FR\",\"potentialAction\":[{\"@type\":\"ReadAction\",\"target\":[\"https:\/\/www.husyca.com\/fr\/salon-k-de-dusseldorf\/\"]}]},{\"@type\":\"ImageObject\",\"inLanguage\":\"fr-FR\",\"@id\":\"https:\/\/www.husyca.com\/fr\/salon-k-de-dusseldorf\/#primaryimage\",\"url\":\"https:\/\/www.husyca.com\/wp-content\/uploads\/2025\/10\/k2025-logo-FERIA-K.jpg\",\"contentUrl\":\"https:\/\/www.husyca.com\/wp-content\/uploads\/2025\/10\/k2025-logo-FERIA-K.jpg\",\"width\":720,\"height\":480},{\"@type\":\"BreadcrumbList\",\"@id\":\"https:\/\/www.husyca.com\/fr\/salon-k-de-dusseldorf\/#breadcrumb\",\"itemListElement\":[{\"@type\":\"ListItem\",\"position\":1,\"name\":\"Portada\",\"item\":\"https:\/\/www.husyca.com\/fr\/home\/\"},{\"@type\":\"ListItem\",\"position\":2,\"name\":\"Salon K de D\u00fcsseldorf\"}]},{\"@type\":\"WebSite\",\"@id\":\"https:\/\/www.husyca.com\/#website\",\"url\":\"https:\/\/www.husyca.com\/\",\"name\":\"Husyca S.A. Husillos y camaras en Barcelona\",\"description\":\"Mecanizado, reparaci\u00f3n y fabricaci\u00f3n de husillos y cilindros de plastificaci\u00f3n, nitrurados, bimetalicos, inyecci\u00f3n, cluatas, portaboquillas, aceros y tratamientos, Aceros de Nitruraci\u00f3n, de temple o inoxidables, C\u00e1maras de Extrusi\u00f3n, monohusillos, Tratamientos superficiales diversos: Cromo duro, SSA, TIN, Niquel qu\u00edmico, C\u00e1maras de extrusi\u00f3n doble husillo paralelas\",\"potentialAction\":[{\"@type\":\"SearchAction\",\"target\":{\"@type\":\"EntryPoint\",\"urlTemplate\":\"https:\/\/www.husyca.com\/?s={search_term_string}\"},\"query-input\":{\"@type\":\"PropertyValueSpecification\",\"valueRequired\":true,\"valueName\":\"search_term_string\"}}],\"inLanguage\":\"fr-FR\"},{\"@type\":\"Person\",\"@id\":\"https:\/\/www.husyca.com\/#\/schema\/person\/4d8adf96914d328857b8a020b46261ae\",\"name\":\"admin\",\"image\":{\"@type\":\"ImageObject\",\"inLanguage\":\"fr-FR\",\"@id\":\"https:\/\/www.husyca.com\/#\/schema\/person\/image\/\",\"url\":\"https:\/\/secure.gravatar.com\/avatar\/0771ca767504fe63263b758c11b77b5a502373326bf723cf2bd53dd0678f70eb?s=96&d=mm&r=g\",\"contentUrl\":\"https:\/\/secure.gravatar.com\/avatar\/0771ca767504fe63263b758c11b77b5a502373326bf723cf2bd53dd0678f70eb?s=96&d=mm&r=g\",\"caption\":\"admin\"},\"sameAs\":[\"https:\/\/www.husyca.com\"],\"url\":\"https:\/\/www.husyca.com\/fr\/author\/admin_3ufdzof5\/\"}]}<\/script>\n<!-- \/ Yoast SEO plugin. -->","yoast_head_json":{"title":"Salon K de D\u00fcsseldorf - Husyca S.A. Husillos y camaras en Barcelona","description":"SALON K DE D\u00dcSSELDORF","robots":{"index":"index","follow":"follow","max-snippet":"max-snippet:-1","max-image-preview":"max-image-preview:large","max-video-preview":"max-video-preview:-1"},"canonical":"https:\/\/www.husyca.com\/fr\/salon-k-de-dusseldorf\/","og_locale":"fr_FR","og_type":"article","og_title":"Salon K de D\u00fcsseldorf - Husyca S.A. Husillos y camaras en Barcelona","og_description":"SALON K DE D\u00dcSSELDORF","og_url":"https:\/\/www.husyca.com\/fr\/salon-k-de-dusseldorf\/","og_site_name":"Husyca S.A. Husillos y camaras en Barcelona","article_publisher":"https:\/\/www.facebook.com\/profile.php?id=100088596826097","article_published_time":"2025-10-07T11:37:02+00:00","article_modified_time":"2025-10-07T12:01:46+00:00","og_image":[{"width":720,"height":480,"url":"https:\/\/www.husyca.com\/wp-content\/uploads\/2025\/10\/k2025-logo-FERIA-K.jpg","type":"image\/jpeg"}],"author":"admin","twitter_card":"summary_large_image","twitter_misc":{"\u00c9crit par":"admin"},"schema":{"@context":"https:\/\/schema.org","@graph":[{"@type":"WebPage","@id":"https:\/\/www.husyca.com\/fr\/salon-k-de-dusseldorf\/","url":"https:\/\/www.husyca.com\/fr\/salon-k-de-dusseldorf\/","name":"Salon K de D\u00fcsseldorf - Husyca S.A. Husillos y camaras en Barcelona","isPartOf":{"@id":"https:\/\/www.husyca.com\/#website"},"primaryImageOfPage":{"@id":"https:\/\/www.husyca.com\/fr\/salon-k-de-dusseldorf\/#primaryimage"},"image":{"@id":"https:\/\/www.husyca.com\/fr\/salon-k-de-dusseldorf\/#primaryimage"},"thumbnailUrl":"https:\/\/www.husyca.com\/wp-content\/uploads\/2025\/10\/k2025-logo-FERIA-K.jpg","datePublished":"2025-10-07T11:37:02+00:00","dateModified":"2025-10-07T12:01:46+00:00","author":{"@id":"https:\/\/www.husyca.com\/#\/schema\/person\/4d8adf96914d328857b8a020b46261ae"},"description":"SALON K DE D\u00dcSSELDORF","breadcrumb":{"@id":"https:\/\/www.husyca.com\/fr\/salon-k-de-dusseldorf\/#breadcrumb"},"inLanguage":"fr-FR","potentialAction":[{"@type":"ReadAction","target":["https:\/\/www.husyca.com\/fr\/salon-k-de-dusseldorf\/"]}]},{"@type":"ImageObject","inLanguage":"fr-FR","@id":"https:\/\/www.husyca.com\/fr\/salon-k-de-dusseldorf\/#primaryimage","url":"https:\/\/www.husyca.com\/wp-content\/uploads\/2025\/10\/k2025-logo-FERIA-K.jpg","contentUrl":"https:\/\/www.husyca.com\/wp-content\/uploads\/2025\/10\/k2025-logo-FERIA-K.jpg","width":720,"height":480},{"@type":"BreadcrumbList","@id":"https:\/\/www.husyca.com\/fr\/salon-k-de-dusseldorf\/#breadcrumb","itemListElement":[{"@type":"ListItem","position":1,"name":"Portada","item":"https:\/\/www.husyca.com\/fr\/home\/"},{"@type":"ListItem","position":2,"name":"Salon K de D\u00fcsseldorf"}]},{"@type":"WebSite","@id":"https:\/\/www.husyca.com\/#website","url":"https:\/\/www.husyca.com\/","name":"Husyca S.A. Husillos y camaras en Barcelona","description":"Mecanizado, reparaci\u00f3n y fabricaci\u00f3n de husillos y cilindros de plastificaci\u00f3n, nitrurados, bimetalicos, inyecci\u00f3n, cluatas, portaboquillas, aceros y tratamientos, Aceros de Nitruraci\u00f3n, de temple o inoxidables, C\u00e1maras de Extrusi\u00f3n, monohusillos, Tratamientos superficiales diversos: Cromo duro, SSA, TIN, Niquel qu\u00edmico, C\u00e1maras de extrusi\u00f3n doble husillo paralelas","potentialAction":[{"@type":"SearchAction","target":{"@type":"EntryPoint","urlTemplate":"https:\/\/www.husyca.com\/?s={search_term_string}"},"query-input":{"@type":"PropertyValueSpecification","valueRequired":true,"valueName":"search_term_string"}}],"inLanguage":"fr-FR"},{"@type":"Person","@id":"https:\/\/www.husyca.com\/#\/schema\/person\/4d8adf96914d328857b8a020b46261ae","name":"admin","image":{"@type":"ImageObject","inLanguage":"fr-FR","@id":"https:\/\/www.husyca.com\/#\/schema\/person\/image\/","url":"https:\/\/secure.gravatar.com\/avatar\/0771ca767504fe63263b758c11b77b5a502373326bf723cf2bd53dd0678f70eb?s=96&d=mm&r=g","contentUrl":"https:\/\/secure.gravatar.com\/avatar\/0771ca767504fe63263b758c11b77b5a502373326bf723cf2bd53dd0678f70eb?s=96&d=mm&r=g","caption":"admin"},"sameAs":["https:\/\/www.husyca.com"],"url":"https:\/\/www.husyca.com\/fr\/author\/admin_3ufdzof5\/"}]}},"_links":{"self":[{"href":"https:\/\/www.husyca.com\/fr\/wp-json\/wp\/v2\/posts\/3537","targetHints":{"allow":["GET"]}}],"collection":[{"href":"https:\/\/www.husyca.com\/fr\/wp-json\/wp\/v2\/posts"}],"about":[{"href":"https:\/\/www.husyca.com\/fr\/wp-json\/wp\/v2\/types\/post"}],"author":[{"embeddable":true,"href":"https:\/\/www.husyca.com\/fr\/wp-json\/wp\/v2\/users\/1"}],"replies":[{"embeddable":true,"href":"https:\/\/www.husyca.com\/fr\/wp-json\/wp\/v2\/comments?post=3537"}],"version-history":[{"count":1,"href":"https:\/\/www.husyca.com\/fr\/wp-json\/wp\/v2\/posts\/3537\/revisions"}],"predecessor-version":[{"id":3538,"href":"https:\/\/www.husyca.com\/fr\/wp-json\/wp\/v2\/posts\/3537\/revisions\/3538"}],"wp:featuredmedia":[{"embeddable":true,"href":"https:\/\/www.husyca.com\/fr\/wp-json\/wp\/v2\/media\/3526"}],"wp:attachment":[{"href":"https:\/\/www.husyca.com\/fr\/wp-json\/wp\/v2\/media?parent=3537"}],"wp:term":[{"taxonomy":"category","embeddable":true,"href":"https:\/\/www.husyca.com\/fr\/wp-json\/wp\/v2\/categories?post=3537"},{"taxonomy":"post_tag","embeddable":true,"href":"https:\/\/www.husyca.com\/fr\/wp-json\/wp\/v2\/tags?post=3537"}],"curies":[{"name":"wp","href":"https:\/\/api.w.org\/{rel}","templated":true}]}}