{"id":1229,"date":"2022-12-12T17:04:51","date_gmt":"2022-12-12T17:04:51","guid":{"rendered":"https:\/\/www.husyca.com\/husyca-a-une-nouvelle-rectifieuse-de-5-metres\/"},"modified":"2023-03-30T22:12:26","modified_gmt":"2023-03-30T22:12:26","slug":"husyca-a-une-nouvelle-rectifieuse-de-5-metres","status":"publish","type":"post","link":"https:\/\/www.husyca.com\/fr\/husyca-a-une-nouvelle-rectifieuse-de-5-metres\/","title":{"rendered":"Husyca a une nouvelle rectifieuse de 5 m\u00e8tres"},"content":{"rendered":"\n<p><\/p>\n\n<p>Cette ann\u00e9e, Husyca a int\u00e9gr\u00e9 une rectifieuse de 5 m\u00e8tres dans son parc de machines pour continuer \u00e0 am\u00e9liorer la qualit\u00e9.<\/p>\n\n<figure class=\"wp-block-video\"><video height=\"1080\" style=\"aspect-ratio: 1920 \/ 1080;\" width=\"1920\" controls=\"\" src=\"https:\/\/www.husyca.com\/wp-content\/uploads\/2022\/12\/SEUNDO-VIDEO.mp4\"><\/video><\/figure>\n\n<p><\/p>\n\n<p><\/p>\n\n<p><\/p>\n","protected":false},"excerpt":{"rendered":"<p>Cette ann\u00e9e, Husyca a int\u00e9gr\u00e9 une rectifieuse de 5 m\u00e8tres dans son parc de machines pour continuer \u00e0 am\u00e9liorer la qualit\u00e9.<\/p>\n","protected":false},"author":2,"featured_media":974,"comment_status":"open","ping_status":"open","sticky":false,"template":"","format":"standard","meta":{"_joinchat":[],"footnotes":""},"categories":[7],"tags":[],"class_list":["post-1229","post","type-post","status-publish","format-standard","has-post-thumbnail","hentry","category-non-classifiee"],"yoast_head":"<!-- This site is optimized with the Yoast SEO plugin v24.3 - https:\/\/yoast.com\/wordpress\/plugins\/seo\/ -->\n<title>Husyca a une nouvelle rectifieuse de 5 m\u00e8tres - Husyca S.A. Husillos y camaras en Barcelona<\/title>\n<meta name=\"robots\" content=\"index, follow, max-snippet:-1, max-image-preview:large, max-video-preview:-1\" \/>\n<link rel=\"canonical\" href=\"https:\/\/www.husyca.com\/fr\/husyca-a-une-nouvelle-rectifieuse-de-5-metres\/\" \/>\n<meta property=\"og:locale\" content=\"fr_FR\" \/>\n<meta property=\"og:type\" content=\"article\" \/>\n<meta property=\"og:title\" content=\"Husyca a une nouvelle rectifieuse de 5 m\u00e8tres - Husyca S.A. Husillos y camaras en Barcelona\" \/>\n<meta property=\"og:description\" content=\"Cette ann\u00e9e, Husyca a int\u00e9gr\u00e9 une rectifieuse de 5 m\u00e8tres dans son parc de machines pour continuer \u00e0 am\u00e9liorer la qualit\u00e9.\" \/>\n<meta property=\"og:url\" content=\"https:\/\/www.husyca.com\/fr\/husyca-a-une-nouvelle-rectifieuse-de-5-metres\/\" \/>\n<meta property=\"og:site_name\" content=\"Husyca S.A. Husillos y camaras en Barcelona\" \/>\n<meta property=\"article:publisher\" content=\"https:\/\/www.facebook.com\/profile.php?id=100088596826097\" \/>\n<meta property=\"article:published_time\" content=\"2022-12-12T17:04:51+00:00\" \/>\n<meta property=\"article:modified_time\" content=\"2023-03-30T22:12:26+00:00\" \/>\n<meta property=\"og:image\" content=\"https:\/\/www.husyca.com\/wp-content\/uploads\/2022\/12\/WhatsApp-Image-2022-12-15-at-11.45.25.jpeg\" \/>\n\t<meta property=\"og:image:width\" content=\"2016\" \/>\n\t<meta property=\"og:image:height\" content=\"1512\" \/>\n\t<meta property=\"og:image:type\" content=\"image\/jpeg\" \/>\n<meta name=\"author\" content=\"Fermin Ortiz\" \/>\n<meta name=\"twitter:card\" content=\"summary_large_image\" \/>\n<meta name=\"twitter:label1\" content=\"\u00c9crit par\" \/>\n\t<meta name=\"twitter:data1\" content=\"Fermin Ortiz\" \/>\n<script type=\"application\/ld+json\" class=\"yoast-schema-graph\">{\"@context\":\"https:\/\/schema.org\",\"@graph\":[{\"@type\":\"WebPage\",\"@id\":\"https:\/\/www.husyca.com\/fr\/husyca-a-une-nouvelle-rectifieuse-de-5-metres\/\",\"url\":\"https:\/\/www.husyca.com\/fr\/husyca-a-une-nouvelle-rectifieuse-de-5-metres\/\",\"name\":\"Husyca a une nouvelle rectifieuse de 5 m\u00e8tres - Husyca S.A. Husillos y camaras en Barcelona\",\"isPartOf\":{\"@id\":\"https:\/\/www.husyca.com\/#website\"},\"primaryImageOfPage\":{\"@id\":\"https:\/\/www.husyca.com\/fr\/husyca-a-une-nouvelle-rectifieuse-de-5-metres\/#primaryimage\"},\"image\":{\"@id\":\"https:\/\/www.husyca.com\/fr\/husyca-a-une-nouvelle-rectifieuse-de-5-metres\/#primaryimage\"},\"thumbnailUrl\":\"https:\/\/www.husyca.com\/wp-content\/uploads\/2022\/12\/WhatsApp-Image-2022-12-15-at-11.45.25.jpeg\",\"datePublished\":\"2022-12-12T17:04:51+00:00\",\"dateModified\":\"2023-03-30T22:12:26+00:00\",\"author\":{\"@id\":\"https:\/\/www.husyca.com\/#\/schema\/person\/9058d0becf64bf54efb2039755b0486c\"},\"breadcrumb\":{\"@id\":\"https:\/\/www.husyca.com\/fr\/husyca-a-une-nouvelle-rectifieuse-de-5-metres\/#breadcrumb\"},\"inLanguage\":\"fr-FR\",\"potentialAction\":[{\"@type\":\"ReadAction\",\"target\":[\"https:\/\/www.husyca.com\/fr\/husyca-a-une-nouvelle-rectifieuse-de-5-metres\/\"]}]},{\"@type\":\"ImageObject\",\"inLanguage\":\"fr-FR\",\"@id\":\"https:\/\/www.husyca.com\/fr\/husyca-a-une-nouvelle-rectifieuse-de-5-metres\/#primaryimage\",\"url\":\"https:\/\/www.husyca.com\/wp-content\/uploads\/2022\/12\/WhatsApp-Image-2022-12-15-at-11.45.25.jpeg\",\"contentUrl\":\"https:\/\/www.husyca.com\/wp-content\/uploads\/2022\/12\/WhatsApp-Image-2022-12-15-at-11.45.25.jpeg\",\"width\":2016,\"height\":1512},{\"@type\":\"BreadcrumbList\",\"@id\":\"https:\/\/www.husyca.com\/fr\/husyca-a-une-nouvelle-rectifieuse-de-5-metres\/#breadcrumb\",\"itemListElement\":[{\"@type\":\"ListItem\",\"position\":1,\"name\":\"Portada\",\"item\":\"https:\/\/www.husyca.com\/fr\/home\/\"},{\"@type\":\"ListItem\",\"position\":2,\"name\":\"Husyca a une nouvelle rectifieuse de 5 m\u00e8tres\"}]},{\"@type\":\"WebSite\",\"@id\":\"https:\/\/www.husyca.com\/#website\",\"url\":\"https:\/\/www.husyca.com\/\",\"name\":\"Husyca S.A. Husillos y camaras en Barcelona\",\"description\":\"Mecanizado, reparaci\u00f3n y fabricaci\u00f3n de husillos y cilindros de plastificaci\u00f3n, nitrurados, bimetalicos, inyecci\u00f3n, cluatas, portaboquillas, aceros y tratamientos, Aceros de Nitruraci\u00f3n, de temple o inoxidables, C\u00e1maras de Extrusi\u00f3n, monohusillos, Tratamientos superficiales diversos: Cromo duro, SSA, TIN, Niquel qu\u00edmico, C\u00e1maras de extrusi\u00f3n doble husillo paralelas\",\"potentialAction\":[{\"@type\":\"SearchAction\",\"target\":{\"@type\":\"EntryPoint\",\"urlTemplate\":\"https:\/\/www.husyca.com\/?s={search_term_string}\"},\"query-input\":{\"@type\":\"PropertyValueSpecification\",\"valueRequired\":true,\"valueName\":\"search_term_string\"}}],\"inLanguage\":\"fr-FR\"},{\"@type\":\"Person\",\"@id\":\"https:\/\/www.husyca.com\/#\/schema\/person\/9058d0becf64bf54efb2039755b0486c\",\"name\":\"Fermin Ortiz\",\"image\":{\"@type\":\"ImageObject\",\"inLanguage\":\"fr-FR\",\"@id\":\"https:\/\/www.husyca.com\/#\/schema\/person\/image\/\",\"url\":\"https:\/\/secure.gravatar.com\/avatar\/559380631e44ec65e5f84ed49d93715370c23a7e9cce12b7b3223fe0ce5d8b1d?s=96&d=mm&r=g\",\"contentUrl\":\"https:\/\/secure.gravatar.com\/avatar\/559380631e44ec65e5f84ed49d93715370c23a7e9cce12b7b3223fe0ce5d8b1d?s=96&d=mm&r=g\",\"caption\":\"Fermin Ortiz\"},\"url\":\"https:\/\/www.husyca.com\/fr\/author\/fermin-ortiz\/\"}]}<\/script>\n<!-- \/ Yoast SEO plugin. -->","yoast_head_json":{"title":"Husyca a une nouvelle rectifieuse de 5 m\u00e8tres - Husyca S.A. Husillos y camaras en Barcelona","robots":{"index":"index","follow":"follow","max-snippet":"max-snippet:-1","max-image-preview":"max-image-preview:large","max-video-preview":"max-video-preview:-1"},"canonical":"https:\/\/www.husyca.com\/fr\/husyca-a-une-nouvelle-rectifieuse-de-5-metres\/","og_locale":"fr_FR","og_type":"article","og_title":"Husyca a une nouvelle rectifieuse de 5 m\u00e8tres - Husyca S.A. Husillos y camaras en Barcelona","og_description":"Cette ann\u00e9e, Husyca a int\u00e9gr\u00e9 une rectifieuse de 5 m\u00e8tres dans son parc de machines pour continuer \u00e0 am\u00e9liorer la qualit\u00e9.","og_url":"https:\/\/www.husyca.com\/fr\/husyca-a-une-nouvelle-rectifieuse-de-5-metres\/","og_site_name":"Husyca S.A. Husillos y camaras en Barcelona","article_publisher":"https:\/\/www.facebook.com\/profile.php?id=100088596826097","article_published_time":"2022-12-12T17:04:51+00:00","article_modified_time":"2023-03-30T22:12:26+00:00","og_image":[{"width":2016,"height":1512,"url":"https:\/\/www.husyca.com\/wp-content\/uploads\/2022\/12\/WhatsApp-Image-2022-12-15-at-11.45.25.jpeg","type":"image\/jpeg"}],"author":"Fermin Ortiz","twitter_card":"summary_large_image","twitter_misc":{"\u00c9crit par":"Fermin Ortiz"},"schema":{"@context":"https:\/\/schema.org","@graph":[{"@type":"WebPage","@id":"https:\/\/www.husyca.com\/fr\/husyca-a-une-nouvelle-rectifieuse-de-5-metres\/","url":"https:\/\/www.husyca.com\/fr\/husyca-a-une-nouvelle-rectifieuse-de-5-metres\/","name":"Husyca a une nouvelle rectifieuse de 5 m\u00e8tres - Husyca S.A. Husillos y camaras en Barcelona","isPartOf":{"@id":"https:\/\/www.husyca.com\/#website"},"primaryImageOfPage":{"@id":"https:\/\/www.husyca.com\/fr\/husyca-a-une-nouvelle-rectifieuse-de-5-metres\/#primaryimage"},"image":{"@id":"https:\/\/www.husyca.com\/fr\/husyca-a-une-nouvelle-rectifieuse-de-5-metres\/#primaryimage"},"thumbnailUrl":"https:\/\/www.husyca.com\/wp-content\/uploads\/2022\/12\/WhatsApp-Image-2022-12-15-at-11.45.25.jpeg","datePublished":"2022-12-12T17:04:51+00:00","dateModified":"2023-03-30T22:12:26+00:00","author":{"@id":"https:\/\/www.husyca.com\/#\/schema\/person\/9058d0becf64bf54efb2039755b0486c"},"breadcrumb":{"@id":"https:\/\/www.husyca.com\/fr\/husyca-a-une-nouvelle-rectifieuse-de-5-metres\/#breadcrumb"},"inLanguage":"fr-FR","potentialAction":[{"@type":"ReadAction","target":["https:\/\/www.husyca.com\/fr\/husyca-a-une-nouvelle-rectifieuse-de-5-metres\/"]}]},{"@type":"ImageObject","inLanguage":"fr-FR","@id":"https:\/\/www.husyca.com\/fr\/husyca-a-une-nouvelle-rectifieuse-de-5-metres\/#primaryimage","url":"https:\/\/www.husyca.com\/wp-content\/uploads\/2022\/12\/WhatsApp-Image-2022-12-15-at-11.45.25.jpeg","contentUrl":"https:\/\/www.husyca.com\/wp-content\/uploads\/2022\/12\/WhatsApp-Image-2022-12-15-at-11.45.25.jpeg","width":2016,"height":1512},{"@type":"BreadcrumbList","@id":"https:\/\/www.husyca.com\/fr\/husyca-a-une-nouvelle-rectifieuse-de-5-metres\/#breadcrumb","itemListElement":[{"@type":"ListItem","position":1,"name":"Portada","item":"https:\/\/www.husyca.com\/fr\/home\/"},{"@type":"ListItem","position":2,"name":"Husyca a une nouvelle rectifieuse de 5 m\u00e8tres"}]},{"@type":"WebSite","@id":"https:\/\/www.husyca.com\/#website","url":"https:\/\/www.husyca.com\/","name":"Husyca S.A. Husillos y camaras en Barcelona","description":"Mecanizado, reparaci\u00f3n y fabricaci\u00f3n de husillos y cilindros de plastificaci\u00f3n, nitrurados, bimetalicos, inyecci\u00f3n, cluatas, portaboquillas, aceros y tratamientos, Aceros de Nitruraci\u00f3n, de temple o inoxidables, C\u00e1maras de Extrusi\u00f3n, monohusillos, Tratamientos superficiales diversos: Cromo duro, SSA, TIN, Niquel qu\u00edmico, C\u00e1maras de extrusi\u00f3n doble husillo paralelas","potentialAction":[{"@type":"SearchAction","target":{"@type":"EntryPoint","urlTemplate":"https:\/\/www.husyca.com\/?s={search_term_string}"},"query-input":{"@type":"PropertyValueSpecification","valueRequired":true,"valueName":"search_term_string"}}],"inLanguage":"fr-FR"},{"@type":"Person","@id":"https:\/\/www.husyca.com\/#\/schema\/person\/9058d0becf64bf54efb2039755b0486c","name":"Fermin Ortiz","image":{"@type":"ImageObject","inLanguage":"fr-FR","@id":"https:\/\/www.husyca.com\/#\/schema\/person\/image\/","url":"https:\/\/secure.gravatar.com\/avatar\/559380631e44ec65e5f84ed49d93715370c23a7e9cce12b7b3223fe0ce5d8b1d?s=96&d=mm&r=g","contentUrl":"https:\/\/secure.gravatar.com\/avatar\/559380631e44ec65e5f84ed49d93715370c23a7e9cce12b7b3223fe0ce5d8b1d?s=96&d=mm&r=g","caption":"Fermin Ortiz"},"url":"https:\/\/www.husyca.com\/fr\/author\/fermin-ortiz\/"}]}},"_links":{"self":[{"href":"https:\/\/www.husyca.com\/fr\/wp-json\/wp\/v2\/posts\/1229","targetHints":{"allow":["GET"]}}],"collection":[{"href":"https:\/\/www.husyca.com\/fr\/wp-json\/wp\/v2\/posts"}],"about":[{"href":"https:\/\/www.husyca.com\/fr\/wp-json\/wp\/v2\/types\/post"}],"author":[{"embeddable":true,"href":"https:\/\/www.husyca.com\/fr\/wp-json\/wp\/v2\/users\/2"}],"replies":[{"embeddable":true,"href":"https:\/\/www.husyca.com\/fr\/wp-json\/wp\/v2\/comments?post=1229"}],"version-history":[{"count":1,"href":"https:\/\/www.husyca.com\/fr\/wp-json\/wp\/v2\/posts\/1229\/revisions"}],"predecessor-version":[{"id":1230,"href":"https:\/\/www.husyca.com\/fr\/wp-json\/wp\/v2\/posts\/1229\/revisions\/1230"}],"wp:featuredmedia":[{"embeddable":true,"href":"https:\/\/www.husyca.com\/fr\/wp-json\/wp\/v2\/media\/974"}],"wp:attachment":[{"href":"https:\/\/www.husyca.com\/fr\/wp-json\/wp\/v2\/media?parent=1229"}],"wp:term":[{"taxonomy":"category","embeddable":true,"href":"https:\/\/www.husyca.com\/fr\/wp-json\/wp\/v2\/categories?post=1229"},{"taxonomy":"post_tag","embeddable":true,"href":"https:\/\/www.husyca.com\/fr\/wp-json\/wp\/v2\/tags?post=1229"}],"curies":[{"name":"wp","href":"https:\/\/api.w.org\/{rel}","templated":true}]}}