{"id":1513,"date":"2023-06-15T11:41:05","date_gmt":"2023-06-15T11:41:05","guid":{"rendered":"https:\/\/www.husyca.com\/1a-jornada-equiplast-2023\/"},"modified":"2025-11-06T08:40:34","modified_gmt":"2025-11-06T08:40:34","slug":"1a-jornada-equiplast-2023","status":"publish","type":"post","link":"https:\/\/www.husyca.com\/ca\/1a-jornada-equiplast-2023\/","title":{"rendered":"1\u00aa Jornada EQUIPLAST 2023"},"content":{"rendered":"\n<p>Primer dia de fira a EQUIPLAST, primer dia de trobades i reunions.<\/p>\n","protected":false},"excerpt":{"rendered":"<p>Primer dia de fira a EQUIPLAST, primer dia de trobades i reunions.<\/p>\n","protected":false},"author":1,"featured_media":1479,"comment_status":"open","ping_status":"open","sticky":false,"template":"","format":"standard","meta":{"_joinchat":[],"footnotes":""},"categories":[180],"tags":[50,60,33,34,38,57],"class_list":["post-1513","post","type-post","status-publish","format-standard","has-post-thumbnail","hentry","category-sin-categorizar-ca","tag-elements-auxiliars","tag-equiplast","tag-extrusion","tag-husillos","tag-injeccio","tag-puntes-de-fusell-d-injeccio"],"yoast_head":"<!-- This site is optimized with the Yoast SEO plugin v24.3 - https:\/\/yoast.com\/wordpress\/plugins\/seo\/ -->\n<title>1\u00aa Jornada EQUIPLAST 2023 - Husyca S.A. Husillos y camaras en Barcelona<\/title>\n<meta name=\"description\" content=\"EQUIPLAST 2023 FIRA INTERNACIONAL DEL PL\u00c0STIC, FUSELLS I C\u00c0MERES D&#039;INJECCI\u00d3, EXTRUSI\u00d3, BUFAT I IMPRESSI\u00d3 3D\" \/>\n<meta name=\"robots\" content=\"index, follow, max-snippet:-1, max-image-preview:large, max-video-preview:-1\" \/>\n<link rel=\"canonical\" href=\"https:\/\/www.husyca.com\/ca\/1a-jornada-equiplast-2023\/\" \/>\n<meta property=\"og:locale\" content=\"ca_ES\" \/>\n<meta property=\"og:type\" content=\"article\" \/>\n<meta property=\"og:title\" content=\"1\u00aa Jornada EQUIPLAST 2023 - Husyca S.A. Husillos y camaras en Barcelona\" \/>\n<meta property=\"og:description\" content=\"EQUIPLAST 2023 FIRA INTERNACIONAL DEL PL\u00c0STIC, FUSELLS I C\u00c0MERES D&#039;INJECCI\u00d3, EXTRUSI\u00d3, BUFAT I IMPRESSI\u00d3 3D\" \/>\n<meta property=\"og:url\" content=\"https:\/\/www.husyca.com\/ca\/1a-jornada-equiplast-2023\/\" \/>\n<meta property=\"og:site_name\" content=\"Husyca S.A. Husillos y camaras en Barcelona\" \/>\n<meta property=\"article:publisher\" content=\"https:\/\/www.facebook.com\/profile.php?id=100088596826097\" \/>\n<meta property=\"article:published_time\" content=\"2023-06-15T11:41:05+00:00\" \/>\n<meta property=\"article:modified_time\" content=\"2025-11-06T08:40:34+00:00\" \/>\n<meta property=\"og:image\" content=\"https:\/\/www.husyca.com\/wp-content\/uploads\/2023\/06\/IER-DIA-EQUIPLAST-2023-REDES-scaled.jpg\" \/>\n\t<meta property=\"og:image:width\" content=\"2546\" \/>\n\t<meta property=\"og:image:height\" content=\"2560\" \/>\n\t<meta property=\"og:image:type\" content=\"image\/jpeg\" \/>\n<meta name=\"author\" content=\"admin\" \/>\n<meta name=\"twitter:card\" content=\"summary_large_image\" \/>\n<meta name=\"twitter:label1\" content=\"Escrit per\" \/>\n\t<meta name=\"twitter:data1\" content=\"admin\" \/>\n<script type=\"application\/ld+json\" class=\"yoast-schema-graph\">{\"@context\":\"https:\/\/schema.org\",\"@graph\":[{\"@type\":\"WebPage\",\"@id\":\"https:\/\/www.husyca.com\/ca\/1a-jornada-equiplast-2023\/\",\"url\":\"https:\/\/www.husyca.com\/ca\/1a-jornada-equiplast-2023\/\",\"name\":\"1\u00aa Jornada EQUIPLAST 2023 - Husyca S.A. Husillos y camaras en Barcelona\",\"isPartOf\":{\"@id\":\"https:\/\/www.husyca.com\/#website\"},\"primaryImageOfPage\":{\"@id\":\"https:\/\/www.husyca.com\/ca\/1a-jornada-equiplast-2023\/#primaryimage\"},\"image\":{\"@id\":\"https:\/\/www.husyca.com\/ca\/1a-jornada-equiplast-2023\/#primaryimage\"},\"thumbnailUrl\":\"https:\/\/www.husyca.com\/wp-content\/uploads\/2023\/06\/IER-DIA-EQUIPLAST-2023-REDES-scaled.jpg\",\"datePublished\":\"2023-06-15T11:41:05+00:00\",\"dateModified\":\"2025-11-06T08:40:34+00:00\",\"author\":{\"@id\":\"https:\/\/www.husyca.com\/#\/schema\/person\/4d8adf96914d328857b8a020b46261ae\"},\"description\":\"EQUIPLAST 2023 FIRA INTERNACIONAL DEL PL\u00c0STIC, FUSELLS I C\u00c0MERES D'INJECCI\u00d3, EXTRUSI\u00d3, BUFAT I IMPRESSI\u00d3 3D\",\"breadcrumb\":{\"@id\":\"https:\/\/www.husyca.com\/ca\/1a-jornada-equiplast-2023\/#breadcrumb\"},\"inLanguage\":\"ca\",\"potentialAction\":[{\"@type\":\"ReadAction\",\"target\":[\"https:\/\/www.husyca.com\/ca\/1a-jornada-equiplast-2023\/\"]}]},{\"@type\":\"ImageObject\",\"inLanguage\":\"ca\",\"@id\":\"https:\/\/www.husyca.com\/ca\/1a-jornada-equiplast-2023\/#primaryimage\",\"url\":\"https:\/\/www.husyca.com\/wp-content\/uploads\/2023\/06\/IER-DIA-EQUIPLAST-2023-REDES-scaled.jpg\",\"contentUrl\":\"https:\/\/www.husyca.com\/wp-content\/uploads\/2023\/06\/IER-DIA-EQUIPLAST-2023-REDES-scaled.jpg\",\"width\":2546,\"height\":2560},{\"@type\":\"BreadcrumbList\",\"@id\":\"https:\/\/www.husyca.com\/ca\/1a-jornada-equiplast-2023\/#breadcrumb\",\"itemListElement\":[{\"@type\":\"ListItem\",\"position\":1,\"name\":\"Portada\",\"item\":\"https:\/\/www.husyca.com\/ca\/home\/\"},{\"@type\":\"ListItem\",\"position\":2,\"name\":\"1\u00aa Jornada EQUIPLAST 2023\"}]},{\"@type\":\"WebSite\",\"@id\":\"https:\/\/www.husyca.com\/#website\",\"url\":\"https:\/\/www.husyca.com\/\",\"name\":\"Husyca S.A. Husillos y camaras en Barcelona\",\"description\":\"Mecanizado, reparaci\u00f3n y fabricaci\u00f3n de husillos y cilindros de plastificaci\u00f3n, nitrurados, bimetalicos, inyecci\u00f3n, cluatas, portaboquillas, aceros y tratamientos, Aceros de Nitruraci\u00f3n, de temple o inoxidables, C\u00e1maras de Extrusi\u00f3n, monohusillos, Tratamientos superficiales diversos: Cromo duro, SSA, TIN, Niquel qu\u00edmico, C\u00e1maras de extrusi\u00f3n doble husillo paralelas\",\"potentialAction\":[{\"@type\":\"SearchAction\",\"target\":{\"@type\":\"EntryPoint\",\"urlTemplate\":\"https:\/\/www.husyca.com\/?s={search_term_string}\"},\"query-input\":{\"@type\":\"PropertyValueSpecification\",\"valueRequired\":true,\"valueName\":\"search_term_string\"}}],\"inLanguage\":\"ca\"},{\"@type\":\"Person\",\"@id\":\"https:\/\/www.husyca.com\/#\/schema\/person\/4d8adf96914d328857b8a020b46261ae\",\"name\":\"admin\",\"image\":{\"@type\":\"ImageObject\",\"inLanguage\":\"ca\",\"@id\":\"https:\/\/www.husyca.com\/#\/schema\/person\/image\/\",\"url\":\"https:\/\/secure.gravatar.com\/avatar\/0771ca767504fe63263b758c11b77b5a502373326bf723cf2bd53dd0678f70eb?s=96&d=mm&r=g\",\"contentUrl\":\"https:\/\/secure.gravatar.com\/avatar\/0771ca767504fe63263b758c11b77b5a502373326bf723cf2bd53dd0678f70eb?s=96&d=mm&r=g\",\"caption\":\"admin\"},\"sameAs\":[\"https:\/\/www.husyca.com\"],\"url\":\"https:\/\/www.husyca.com\/ca\/author\/admin_3ufdzof5\/\"}]}<\/script>\n<!-- \/ Yoast SEO plugin. -->","yoast_head_json":{"title":"1\u00aa Jornada EQUIPLAST 2023 - Husyca S.A. Husillos y camaras en Barcelona","description":"EQUIPLAST 2023 FIRA INTERNACIONAL DEL PL\u00c0STIC, FUSELLS I C\u00c0MERES D'INJECCI\u00d3, EXTRUSI\u00d3, BUFAT I IMPRESSI\u00d3 3D","robots":{"index":"index","follow":"follow","max-snippet":"max-snippet:-1","max-image-preview":"max-image-preview:large","max-video-preview":"max-video-preview:-1"},"canonical":"https:\/\/www.husyca.com\/ca\/1a-jornada-equiplast-2023\/","og_locale":"ca_ES","og_type":"article","og_title":"1\u00aa Jornada EQUIPLAST 2023 - Husyca S.A. Husillos y camaras en Barcelona","og_description":"EQUIPLAST 2023 FIRA INTERNACIONAL DEL PL\u00c0STIC, FUSELLS I C\u00c0MERES D'INJECCI\u00d3, EXTRUSI\u00d3, BUFAT I IMPRESSI\u00d3 3D","og_url":"https:\/\/www.husyca.com\/ca\/1a-jornada-equiplast-2023\/","og_site_name":"Husyca S.A. Husillos y camaras en Barcelona","article_publisher":"https:\/\/www.facebook.com\/profile.php?id=100088596826097","article_published_time":"2023-06-15T11:41:05+00:00","article_modified_time":"2025-11-06T08:40:34+00:00","og_image":[{"width":2546,"height":2560,"url":"https:\/\/www.husyca.com\/wp-content\/uploads\/2023\/06\/IER-DIA-EQUIPLAST-2023-REDES-scaled.jpg","type":"image\/jpeg"}],"author":"admin","twitter_card":"summary_large_image","twitter_misc":{"Escrit per":"admin"},"schema":{"@context":"https:\/\/schema.org","@graph":[{"@type":"WebPage","@id":"https:\/\/www.husyca.com\/ca\/1a-jornada-equiplast-2023\/","url":"https:\/\/www.husyca.com\/ca\/1a-jornada-equiplast-2023\/","name":"1\u00aa Jornada EQUIPLAST 2023 - Husyca S.A. Husillos y camaras en Barcelona","isPartOf":{"@id":"https:\/\/www.husyca.com\/#website"},"primaryImageOfPage":{"@id":"https:\/\/www.husyca.com\/ca\/1a-jornada-equiplast-2023\/#primaryimage"},"image":{"@id":"https:\/\/www.husyca.com\/ca\/1a-jornada-equiplast-2023\/#primaryimage"},"thumbnailUrl":"https:\/\/www.husyca.com\/wp-content\/uploads\/2023\/06\/IER-DIA-EQUIPLAST-2023-REDES-scaled.jpg","datePublished":"2023-06-15T11:41:05+00:00","dateModified":"2025-11-06T08:40:34+00:00","author":{"@id":"https:\/\/www.husyca.com\/#\/schema\/person\/4d8adf96914d328857b8a020b46261ae"},"description":"EQUIPLAST 2023 FIRA INTERNACIONAL DEL PL\u00c0STIC, FUSELLS I C\u00c0MERES D'INJECCI\u00d3, EXTRUSI\u00d3, BUFAT I IMPRESSI\u00d3 3D","breadcrumb":{"@id":"https:\/\/www.husyca.com\/ca\/1a-jornada-equiplast-2023\/#breadcrumb"},"inLanguage":"ca","potentialAction":[{"@type":"ReadAction","target":["https:\/\/www.husyca.com\/ca\/1a-jornada-equiplast-2023\/"]}]},{"@type":"ImageObject","inLanguage":"ca","@id":"https:\/\/www.husyca.com\/ca\/1a-jornada-equiplast-2023\/#primaryimage","url":"https:\/\/www.husyca.com\/wp-content\/uploads\/2023\/06\/IER-DIA-EQUIPLAST-2023-REDES-scaled.jpg","contentUrl":"https:\/\/www.husyca.com\/wp-content\/uploads\/2023\/06\/IER-DIA-EQUIPLAST-2023-REDES-scaled.jpg","width":2546,"height":2560},{"@type":"BreadcrumbList","@id":"https:\/\/www.husyca.com\/ca\/1a-jornada-equiplast-2023\/#breadcrumb","itemListElement":[{"@type":"ListItem","position":1,"name":"Portada","item":"https:\/\/www.husyca.com\/ca\/home\/"},{"@type":"ListItem","position":2,"name":"1\u00aa Jornada EQUIPLAST 2023"}]},{"@type":"WebSite","@id":"https:\/\/www.husyca.com\/#website","url":"https:\/\/www.husyca.com\/","name":"Husyca S.A. Husillos y camaras en Barcelona","description":"Mecanizado, reparaci\u00f3n y fabricaci\u00f3n de husillos y cilindros de plastificaci\u00f3n, nitrurados, bimetalicos, inyecci\u00f3n, cluatas, portaboquillas, aceros y tratamientos, Aceros de Nitruraci\u00f3n, de temple o inoxidables, C\u00e1maras de Extrusi\u00f3n, monohusillos, Tratamientos superficiales diversos: Cromo duro, SSA, TIN, Niquel qu\u00edmico, C\u00e1maras de extrusi\u00f3n doble husillo paralelas","potentialAction":[{"@type":"SearchAction","target":{"@type":"EntryPoint","urlTemplate":"https:\/\/www.husyca.com\/?s={search_term_string}"},"query-input":{"@type":"PropertyValueSpecification","valueRequired":true,"valueName":"search_term_string"}}],"inLanguage":"ca"},{"@type":"Person","@id":"https:\/\/www.husyca.com\/#\/schema\/person\/4d8adf96914d328857b8a020b46261ae","name":"admin","image":{"@type":"ImageObject","inLanguage":"ca","@id":"https:\/\/www.husyca.com\/#\/schema\/person\/image\/","url":"https:\/\/secure.gravatar.com\/avatar\/0771ca767504fe63263b758c11b77b5a502373326bf723cf2bd53dd0678f70eb?s=96&d=mm&r=g","contentUrl":"https:\/\/secure.gravatar.com\/avatar\/0771ca767504fe63263b758c11b77b5a502373326bf723cf2bd53dd0678f70eb?s=96&d=mm&r=g","caption":"admin"},"sameAs":["https:\/\/www.husyca.com"],"url":"https:\/\/www.husyca.com\/ca\/author\/admin_3ufdzof5\/"}]}},"_links":{"self":[{"href":"https:\/\/www.husyca.com\/ca\/wp-json\/wp\/v2\/posts\/1513","targetHints":{"allow":["GET"]}}],"collection":[{"href":"https:\/\/www.husyca.com\/ca\/wp-json\/wp\/v2\/posts"}],"about":[{"href":"https:\/\/www.husyca.com\/ca\/wp-json\/wp\/v2\/types\/post"}],"author":[{"embeddable":true,"href":"https:\/\/www.husyca.com\/ca\/wp-json\/wp\/v2\/users\/1"}],"replies":[{"embeddable":true,"href":"https:\/\/www.husyca.com\/ca\/wp-json\/wp\/v2\/comments?post=1513"}],"version-history":[{"count":2,"href":"https:\/\/www.husyca.com\/ca\/wp-json\/wp\/v2\/posts\/1513\/revisions"}],"predecessor-version":[{"id":3623,"href":"https:\/\/www.husyca.com\/ca\/wp-json\/wp\/v2\/posts\/1513\/revisions\/3623"}],"wp:featuredmedia":[{"embeddable":true,"href":"https:\/\/www.husyca.com\/ca\/wp-json\/wp\/v2\/media\/1479"}],"wp:attachment":[{"href":"https:\/\/www.husyca.com\/ca\/wp-json\/wp\/v2\/media?parent=1513"}],"wp:term":[{"taxonomy":"category","embeddable":true,"href":"https:\/\/www.husyca.com\/ca\/wp-json\/wp\/v2\/categories?post=1513"},{"taxonomy":"post_tag","embeddable":true,"href":"https:\/\/www.husyca.com\/ca\/wp-json\/wp\/v2\/tags?post=1513"}],"curies":[{"name":"wp","href":"https:\/\/api.w.org\/{rel}","templated":true}]}}